{"id":57,"date":"2022-12-07T07:42:35","date_gmt":"2022-12-07T07:42:35","guid":{"rendered":"https:\/\/estudioingenioso.com\/web\/?p=57"},"modified":"2022-12-07T07:49:28","modified_gmt":"2022-12-07T07:49:28","slug":"la-guerra-de-los-treinta-anos","status":"publish","type":"post","link":"https:\/\/estudioingenioso.com\/web\/la-guerra-de-los-treinta-anos\/","title":{"rendered":"La Guerra de los Treinta A\u00f1os"},"content":{"rendered":"\n<p>El conflicto internacional que desgast\u00f3 la monarqu\u00eda hisp\u00e1nica fue la Guerra de los Treinta A\u00f1os.<\/p>\n\n\n\n<p>A inicios del siglo XVII, Espa\u00f1a comprend\u00eda una gran parte del territorio europeo y se consideraba una de las potencias m\u00e1s grandes de Europa.<\/p>\n\n\n\n<div class=\"wp-block-columns is-layout-flex wp-container-core-columns-is-layout-28f84493 wp-block-columns-is-layout-flex\">\n<div class=\"wp-block-column is-layout-flow wp-block-column-is-layout-flow\">\n<p>Esta guerra fue un conflicto entre cat\u00f3licos y protestantes. Fue causada por motivos: pol\u00edticos, religiosos y territoriales. La batalla tuvo lugar entre 1618 y 1648 y finaliz\u00f3 con el tratado de Westf\u00e1lia, donde la monarqu\u00eda hisp\u00e1nica fue reducida y desgastada.<\/p>\n\n\n\n<p>Pero Francia vio una gran oportunidad en esta debilidad espa\u00f1ola. As\u00ed que la guerra entre franceses y espa\u00f1oles continu\u00f3 hasta que se firm\u00f3 el tratado de los Pirineos. Debido a toda esta movida, Espa\u00f1a perdi\u00f3 el estatus de gran potencia continental.<\/p>\n<\/div>\n\n\n\n<div class=\"wp-block-column is-layout-flow wp-block-column-is-layout-flow\">\n<figure class=\"wp-block-image size-large\"><img loading=\"lazy\" decoding=\"async\" width=\"1024\" height=\"768\" src=\"https:\/\/estudioingenioso.com\/web\/wp-content\/uploads\/2022\/12\/guerra1-1024x768.jpg\" alt=\"\" class=\"wp-image-58\" srcset=\"https:\/\/estudioingenioso.com\/web\/wp-content\/uploads\/2022\/12\/guerra1-1024x768.jpg 1024w, https:\/\/estudioingenioso.com\/web\/wp-content\/uploads\/2022\/12\/guerra1-300x225.jpg 300w, https:\/\/estudioingenioso.com\/web\/wp-content\/uploads\/2022\/12\/guerra1-768x576.jpg 768w, https:\/\/estudioingenioso.com\/web\/wp-content\/uploads\/2022\/12\/guerra1.jpg 1200w\" sizes=\"auto, (max-width: 1024px) 100vw, 1024px\" \/><figcaption class=\"wp-element-caption\">&#8216;<em>Rocroi, el \u00daltimo Tercio<\/em>&#8216;, cuadro de Augusto Ferrer-Damalu. (Wikipedia)<\/figcaption><\/figure>\n<\/div>\n<\/div>\n\n\n\n<p><\/p>\n\n\n\n<p><\/p>\n","protected":false},"excerpt":{"rendered":"<p>El conflicto internacional que desgast\u00f3 la monarqu\u00eda hisp\u00e1nica fue la Guerra de los Treinta A\u00f1os. A inicios del siglo XVII, Espa\u00f1a comprend\u00eda una gran parte del territorio europeo y se<\/p>\n","protected":false},"author":2,"featured_media":0,"comment_status":"open","ping_status":"closed","sticky":false,"template":"","format":"standard","meta":{"_jetpack_memberships_contains_paid_content":false,"footnotes":""},"categories":[12,13],"tags":[],"class_list":["post-57","post","type-post","status-publish","format-standard","hentry","category-ciencias-sociales","category-monarqui-hispanica"],"yoast_head":"<!-- This site is optimized with the Yoast SEO plugin v27.5 - https:\/\/yoast.com\/product\/yoast-seo-wordpress\/ -->\n<title>La Guerra de los Treinta A\u00f1os - Estudio Ingenioso<\/title>\n<meta name=\"robots\" content=\"index, follow, max-snippet:-1, max-image-preview:large, max-video-preview:-1\" \/>\n<link rel=\"canonical\" href=\"https:\/\/estudioingenioso.com\/web\/la-guerra-de-los-treinta-anos\/\" \/>\n<meta property=\"og:locale\" content=\"es_ES\" \/>\n<meta property=\"og:type\" content=\"article\" \/>\n<meta property=\"og:title\" content=\"La Guerra de los Treinta A\u00f1os - Estudio Ingenioso\" \/>\n<meta property=\"og:description\" content=\"El conflicto internacional que desgast\u00f3 la monarqu\u00eda hisp\u00e1nica fue la Guerra de los Treinta A\u00f1os. A inicios del siglo XVII, Espa\u00f1a comprend\u00eda una gran parte del territorio europeo y se\" \/>\n<meta property=\"og:url\" content=\"https:\/\/estudioingenioso.com\/web\/la-guerra-de-los-treinta-anos\/\" \/>\n<meta property=\"og:site_name\" content=\"Estudio Ingenioso\" \/>\n<meta property=\"article:published_time\" content=\"2022-12-07T07:42:35+00:00\" \/>\n<meta property=\"article:modified_time\" content=\"2022-12-07T07:49:28+00:00\" \/>\n<meta property=\"og:image\" content=\"https:\/\/estudioingenioso.com\/web\/wp-content\/uploads\/2022\/12\/guerra1-1024x768.jpg\" \/>\n<meta name=\"author\" content=\"Paula Bello Diez\" \/>\n<meta name=\"twitter:card\" content=\"summary_large_image\" \/>\n<meta name=\"twitter:label1\" content=\"Escrito por\" \/>\n\t<meta name=\"twitter:data1\" content=\"Paula Bello Diez\" \/>\n\t<meta name=\"twitter:label2\" content=\"Tiempo de lectura\" \/>\n\t<meta name=\"twitter:data2\" content=\"1 minuto\" \/>\n<script type=\"application\/ld+json\" class=\"yoast-schema-graph\">{\"@context\":\"https:\\\/\\\/schema.org\",\"@graph\":[{\"@type\":\"Article\",\"@id\":\"https:\\\/\\\/estudioingenioso.com\\\/web\\\/la-guerra-de-los-treinta-anos\\\/#article\",\"isPartOf\":{\"@id\":\"https:\\\/\\\/estudioingenioso.com\\\/web\\\/la-guerra-de-los-treinta-anos\\\/\"},\"author\":{\"name\":\"Paula Bello Diez\",\"@id\":\"https:\\\/\\\/estudioingenioso.com\\\/web\\\/#\\\/schema\\\/person\\\/5db6a4ec3cd538a25abd17c5f8459eaa\"},\"headline\":\"La Guerra de los Treinta A\u00f1os\",\"datePublished\":\"2022-12-07T07:42:35+00:00\",\"dateModified\":\"2022-12-07T07:49:28+00:00\",\"mainEntityOfPage\":{\"@id\":\"https:\\\/\\\/estudioingenioso.com\\\/web\\\/la-guerra-de-los-treinta-anos\\\/\"},\"wordCount\":148,\"commentCount\":0,\"image\":{\"@id\":\"https:\\\/\\\/estudioingenioso.com\\\/web\\\/la-guerra-de-los-treinta-anos\\\/#primaryimage\"},\"thumbnailUrl\":\"https:\\\/\\\/estudioingenioso.com\\\/web\\\/wp-content\\\/uploads\\\/2022\\\/12\\\/guerra1-1024x768.jpg\",\"articleSection\":[\"Ciencias sociales\",\"Monarqu\u00eda hisp\u00e0nica\"],\"inLanguage\":\"es\",\"potentialAction\":[{\"@type\":\"CommentAction\",\"name\":\"Comment\",\"target\":[\"https:\\\/\\\/estudioingenioso.com\\\/web\\\/la-guerra-de-los-treinta-anos\\\/#respond\"]}]},{\"@type\":\"WebPage\",\"@id\":\"https:\\\/\\\/estudioingenioso.com\\\/web\\\/la-guerra-de-los-treinta-anos\\\/\",\"url\":\"https:\\\/\\\/estudioingenioso.com\\\/web\\\/la-guerra-de-los-treinta-anos\\\/\",\"name\":\"La Guerra de los Treinta A\u00f1os - Estudio Ingenioso\",\"isPartOf\":{\"@id\":\"https:\\\/\\\/estudioingenioso.com\\\/web\\\/#website\"},\"primaryImageOfPage\":{\"@id\":\"https:\\\/\\\/estudioingenioso.com\\\/web\\\/la-guerra-de-los-treinta-anos\\\/#primaryimage\"},\"image\":{\"@id\":\"https:\\\/\\\/estudioingenioso.com\\\/web\\\/la-guerra-de-los-treinta-anos\\\/#primaryimage\"},\"thumbnailUrl\":\"https:\\\/\\\/estudioingenioso.com\\\/web\\\/wp-content\\\/uploads\\\/2022\\\/12\\\/guerra1-1024x768.jpg\",\"datePublished\":\"2022-12-07T07:42:35+00:00\",\"dateModified\":\"2022-12-07T07:49:28+00:00\",\"author\":{\"@id\":\"https:\\\/\\\/estudioingenioso.com\\\/web\\\/#\\\/schema\\\/person\\\/5db6a4ec3cd538a25abd17c5f8459eaa\"},\"breadcrumb\":{\"@id\":\"https:\\\/\\\/estudioingenioso.com\\\/web\\\/la-guerra-de-los-treinta-anos\\\/#breadcrumb\"},\"inLanguage\":\"es\",\"potentialAction\":[{\"@type\":\"ReadAction\",\"target\":[\"https:\\\/\\\/estudioingenioso.com\\\/web\\\/la-guerra-de-los-treinta-anos\\\/\"]}]},{\"@type\":\"ImageObject\",\"inLanguage\":\"es\",\"@id\":\"https:\\\/\\\/estudioingenioso.com\\\/web\\\/la-guerra-de-los-treinta-anos\\\/#primaryimage\",\"url\":\"https:\\\/\\\/estudioingenioso.com\\\/web\\\/wp-content\\\/uploads\\\/2022\\\/12\\\/guerra1.jpg\",\"contentUrl\":\"https:\\\/\\\/estudioingenioso.com\\\/web\\\/wp-content\\\/uploads\\\/2022\\\/12\\\/guerra1.jpg\",\"width\":1200,\"height\":900},{\"@type\":\"BreadcrumbList\",\"@id\":\"https:\\\/\\\/estudioingenioso.com\\\/web\\\/la-guerra-de-los-treinta-anos\\\/#breadcrumb\",\"itemListElement\":[{\"@type\":\"ListItem\",\"position\":1,\"name\":\"Home\",\"item\":\"https:\\\/\\\/estudioingenioso.com\\\/web\\\/\"},{\"@type\":\"ListItem\",\"position\":2,\"name\":\"La Guerra de los Treinta A\u00f1os\"}]},{\"@type\":\"WebSite\",\"@id\":\"https:\\\/\\\/estudioingenioso.com\\\/web\\\/#website\",\"url\":\"https:\\\/\\\/estudioingenioso.com\\\/web\\\/\",\"name\":\"Estudio Ingenioso\",\"description\":\"\",\"potentialAction\":[{\"@type\":\"SearchAction\",\"target\":{\"@type\":\"EntryPoint\",\"urlTemplate\":\"https:\\\/\\\/estudioingenioso.com\\\/web\\\/?s={search_term_string}\"},\"query-input\":{\"@type\":\"PropertyValueSpecification\",\"valueRequired\":true,\"valueName\":\"search_term_string\"}}],\"inLanguage\":\"es\"},{\"@type\":\"Person\",\"@id\":\"https:\\\/\\\/estudioingenioso.com\\\/web\\\/#\\\/schema\\\/person\\\/5db6a4ec3cd538a25abd17c5f8459eaa\",\"name\":\"Paula Bello Diez\",\"image\":{\"@type\":\"ImageObject\",\"inLanguage\":\"es\",\"@id\":\"https:\\\/\\\/secure.gravatar.com\\\/avatar\\\/192de6630d2c8f54a10279bfcbbcde58864ba2c9188a97f7249338e629f26d5c?s=96&d=mm&r=g\",\"url\":\"https:\\\/\\\/secure.gravatar.com\\\/avatar\\\/192de6630d2c8f54a10279bfcbbcde58864ba2c9188a97f7249338e629f26d5c?s=96&d=mm&r=g\",\"contentUrl\":\"https:\\\/\\\/secure.gravatar.com\\\/avatar\\\/192de6630d2c8f54a10279bfcbbcde58864ba2c9188a97f7249338e629f26d5c?s=96&d=mm&r=g\",\"caption\":\"Paula Bello Diez\"},\"sameAs\":[\"https:\\\/\\\/estudioingenioso.com\"],\"url\":\"https:\\\/\\\/estudioingenioso.com\\\/web\\\/author\\\/paula\\\/\"}]}<\/script>\n<!-- \/ Yoast SEO plugin. -->","yoast_head_json":{"title":"La Guerra de los Treinta A\u00f1os - Estudio Ingenioso","robots":{"index":"index","follow":"follow","max-snippet":"max-snippet:-1","max-image-preview":"max-image-preview:large","max-video-preview":"max-video-preview:-1"},"canonical":"https:\/\/estudioingenioso.com\/web\/la-guerra-de-los-treinta-anos\/","og_locale":"es_ES","og_type":"article","og_title":"La Guerra de los Treinta A\u00f1os - Estudio Ingenioso","og_description":"El conflicto internacional que desgast\u00f3 la monarqu\u00eda hisp\u00e1nica fue la Guerra de los Treinta A\u00f1os. A inicios del siglo XVII, Espa\u00f1a comprend\u00eda una gran parte del territorio europeo y se","og_url":"https:\/\/estudioingenioso.com\/web\/la-guerra-de-los-treinta-anos\/","og_site_name":"Estudio Ingenioso","article_published_time":"2022-12-07T07:42:35+00:00","article_modified_time":"2022-12-07T07:49:28+00:00","og_image":[{"url":"https:\/\/estudioingenioso.com\/web\/wp-content\/uploads\/2022\/12\/guerra1-1024x768.jpg","type":"","width":"","height":""}],"author":"Paula Bello Diez","twitter_card":"summary_large_image","twitter_misc":{"Escrito por":"Paula Bello Diez","Tiempo de lectura":"1 minuto"},"schema":{"@context":"https:\/\/schema.org","@graph":[{"@type":"Article","@id":"https:\/\/estudioingenioso.com\/web\/la-guerra-de-los-treinta-anos\/#article","isPartOf":{"@id":"https:\/\/estudioingenioso.com\/web\/la-guerra-de-los-treinta-anos\/"},"author":{"name":"Paula Bello Diez","@id":"https:\/\/estudioingenioso.com\/web\/#\/schema\/person\/5db6a4ec3cd538a25abd17c5f8459eaa"},"headline":"La Guerra de los Treinta A\u00f1os","datePublished":"2022-12-07T07:42:35+00:00","dateModified":"2022-12-07T07:49:28+00:00","mainEntityOfPage":{"@id":"https:\/\/estudioingenioso.com\/web\/la-guerra-de-los-treinta-anos\/"},"wordCount":148,"commentCount":0,"image":{"@id":"https:\/\/estudioingenioso.com\/web\/la-guerra-de-los-treinta-anos\/#primaryimage"},"thumbnailUrl":"https:\/\/estudioingenioso.com\/web\/wp-content\/uploads\/2022\/12\/guerra1-1024x768.jpg","articleSection":["Ciencias sociales","Monarqu\u00eda hisp\u00e0nica"],"inLanguage":"es","potentialAction":[{"@type":"CommentAction","name":"Comment","target":["https:\/\/estudioingenioso.com\/web\/la-guerra-de-los-treinta-anos\/#respond"]}]},{"@type":"WebPage","@id":"https:\/\/estudioingenioso.com\/web\/la-guerra-de-los-treinta-anos\/","url":"https:\/\/estudioingenioso.com\/web\/la-guerra-de-los-treinta-anos\/","name":"La Guerra de los Treinta A\u00f1os - Estudio Ingenioso","isPartOf":{"@id":"https:\/\/estudioingenioso.com\/web\/#website"},"primaryImageOfPage":{"@id":"https:\/\/estudioingenioso.com\/web\/la-guerra-de-los-treinta-anos\/#primaryimage"},"image":{"@id":"https:\/\/estudioingenioso.com\/web\/la-guerra-de-los-treinta-anos\/#primaryimage"},"thumbnailUrl":"https:\/\/estudioingenioso.com\/web\/wp-content\/uploads\/2022\/12\/guerra1-1024x768.jpg","datePublished":"2022-12-07T07:42:35+00:00","dateModified":"2022-12-07T07:49:28+00:00","author":{"@id":"https:\/\/estudioingenioso.com\/web\/#\/schema\/person\/5db6a4ec3cd538a25abd17c5f8459eaa"},"breadcrumb":{"@id":"https:\/\/estudioingenioso.com\/web\/la-guerra-de-los-treinta-anos\/#breadcrumb"},"inLanguage":"es","potentialAction":[{"@type":"ReadAction","target":["https:\/\/estudioingenioso.com\/web\/la-guerra-de-los-treinta-anos\/"]}]},{"@type":"ImageObject","inLanguage":"es","@id":"https:\/\/estudioingenioso.com\/web\/la-guerra-de-los-treinta-anos\/#primaryimage","url":"https:\/\/estudioingenioso.com\/web\/wp-content\/uploads\/2022\/12\/guerra1.jpg","contentUrl":"https:\/\/estudioingenioso.com\/web\/wp-content\/uploads\/2022\/12\/guerra1.jpg","width":1200,"height":900},{"@type":"BreadcrumbList","@id":"https:\/\/estudioingenioso.com\/web\/la-guerra-de-los-treinta-anos\/#breadcrumb","itemListElement":[{"@type":"ListItem","position":1,"name":"Home","item":"https:\/\/estudioingenioso.com\/web\/"},{"@type":"ListItem","position":2,"name":"La Guerra de los Treinta A\u00f1os"}]},{"@type":"WebSite","@id":"https:\/\/estudioingenioso.com\/web\/#website","url":"https:\/\/estudioingenioso.com\/web\/","name":"Estudio Ingenioso","description":"","potentialAction":[{"@type":"SearchAction","target":{"@type":"EntryPoint","urlTemplate":"https:\/\/estudioingenioso.com\/web\/?s={search_term_string}"},"query-input":{"@type":"PropertyValueSpecification","valueRequired":true,"valueName":"search_term_string"}}],"inLanguage":"es"},{"@type":"Person","@id":"https:\/\/estudioingenioso.com\/web\/#\/schema\/person\/5db6a4ec3cd538a25abd17c5f8459eaa","name":"Paula Bello Diez","image":{"@type":"ImageObject","inLanguage":"es","@id":"https:\/\/secure.gravatar.com\/avatar\/192de6630d2c8f54a10279bfcbbcde58864ba2c9188a97f7249338e629f26d5c?s=96&d=mm&r=g","url":"https:\/\/secure.gravatar.com\/avatar\/192de6630d2c8f54a10279bfcbbcde58864ba2c9188a97f7249338e629f26d5c?s=96&d=mm&r=g","contentUrl":"https:\/\/secure.gravatar.com\/avatar\/192de6630d2c8f54a10279bfcbbcde58864ba2c9188a97f7249338e629f26d5c?s=96&d=mm&r=g","caption":"Paula Bello Diez"},"sameAs":["https:\/\/estudioingenioso.com"],"url":"https:\/\/estudioingenioso.com\/web\/author\/paula\/"}]}},"jetpack_featured_media_url":"","jetpack_sharing_enabled":true,"_links":{"self":[{"href":"https:\/\/estudioingenioso.com\/web\/wp-json\/wp\/v2\/posts\/57","targetHints":{"allow":["GET"]}}],"collection":[{"href":"https:\/\/estudioingenioso.com\/web\/wp-json\/wp\/v2\/posts"}],"about":[{"href":"https:\/\/estudioingenioso.com\/web\/wp-json\/wp\/v2\/types\/post"}],"author":[{"embeddable":true,"href":"https:\/\/estudioingenioso.com\/web\/wp-json\/wp\/v2\/users\/2"}],"replies":[{"embeddable":true,"href":"https:\/\/estudioingenioso.com\/web\/wp-json\/wp\/v2\/comments?post=57"}],"version-history":[{"count":2,"href":"https:\/\/estudioingenioso.com\/web\/wp-json\/wp\/v2\/posts\/57\/revisions"}],"predecessor-version":[{"id":60,"href":"https:\/\/estudioingenioso.com\/web\/wp-json\/wp\/v2\/posts\/57\/revisions\/60"}],"wp:attachment":[{"href":"https:\/\/estudioingenioso.com\/web\/wp-json\/wp\/v2\/media?parent=57"}],"wp:term":[{"taxonomy":"category","embeddable":true,"href":"https:\/\/estudioingenioso.com\/web\/wp-json\/wp\/v2\/categories?post=57"},{"taxonomy":"post_tag","embeddable":true,"href":"https:\/\/estudioingenioso.com\/web\/wp-json\/wp\/v2\/tags?post=57"}],"curies":[{"name":"wp","href":"https:\/\/api.w.org\/{rel}","templated":true}]}}